{"id":8262,"date":"2021-03-26T00:24:23","date_gmt":"2021-03-25T23:24:23","guid":{"rendered":"https:\/\/eventoempresa.com\/?p=8262"},"modified":"2026-01-14T14:33:19","modified_gmt":"2026-01-14T13:33:19","slug":"feminidad-12-imagenes-de-mujeres-que-han-marcado-la-historia-para-poder-recrearlas","status":"publish","type":"post","link":"https:\/\/eventoempresa.com\/en\/feminidad-12-imagenes-de-mujeres-que-han-marcado-la-historia-para-poder-recrearlas\/","title":{"rendered":"\u00a1FEMINIDAD!  12 im\u00e1genes de mujeres que han marcado la historia para poder recrearlas."},"content":{"rendered":"\n<div class=\"wp-block-group\"><div class=\"wp-block-group__inner-container is-layout-flow wp-block-group-is-layout-flow\">\n<div class=\"wp-block-group\"><div class=\"wp-block-group__inner-container is-layout-flow wp-block-group-is-layout-flow\">\n<p>\u00bfQu\u00e9 significa feminidad o ser una mujer empoderada?  Te explicamos los acontecimientos de 12 mujeres que sus vidas han marcado la historia de alguna manera. Aqu\u00ed encontrar\u00e1s la an\u00e9cdota de su  vida  y el porqu\u00e9 pas\u00f3 a la historia. <\/p>\n\n\n\n<p>Seguidamente, te las mostramos en im\u00e1genes para que t\u00fa puedas recrearlas.<\/p>\n<\/div><\/div>\n<\/div><\/div>\n\n\n\n<p>No obstante, igual que cada a\u00f1o,  ha llegado el mes de marzo.  <\/p>\n\n\n\n<h2 class=\"wp-block-heading\">El mes que representa la feminidad, las mujeres y el empoderamiento. <\/h2>\n\n\n\n<p>Durante todo el a\u00f1o parece que este movimiento en torno a las mujeres y el empoderamiento est\u00e1 medio dormido, lo cual es un grave error. <\/p>\n\n\n\n<p>As\u00ed mismo, el feminismo es un movimiento que fue creado para que las mujeres tuvieran los mismos derechos que los hombres. Cabe destacar entre ellos el derecho a voto, los mismos salarios o el hecho de poder practicar cualquier oficio libremente sin ser juzgadas. <\/p>\n\n\n\n<p>Poco a poco, este movimiento ha ido surgiendo efecto. De esta forma, se han podido conseguir muchos de los objetivos que anteriormente eran  imposibles de imaginar. <\/p>\n\n\n\n<p>A pesar de esto, quedan a\u00fan muchos objetivos por cumplir. <\/p>\n\n\n\n<p>Por eso mismo,  desde Evento Empresa, hemos elegido doce mujeres que han marcado la historia  y  te proponemos un reto: <\/p>\n\n\n\n<h2 class=\"wp-block-heading\">Recrear  12 im\u00e1genes de mujeres que han marcado la historia \u00bfEmpezamos?<\/h2>\n\n\n\n<ol class=\"wp-block-list\"><li>Grace O\u2019malley, s.XVI. Una de las primeras mujeres piratas.<\/li><li>Jane Austen, 1775-181. Escritora  muy avanzada en el pensamiento de su \u00e9poca. <\/li><li>Marie Curie, 1867-1934. Cient\u00edfica especializada en radiactividad, primera profesora en la universidad de Par\u00eds y&nbsp; en recibir dos premios Nobel en F\u00edsica y Qu\u00edmica.<\/li><li>Coco Chanel, 1883-1971. Dise\u00f1adora que cre\u00f3 una marca de ropa rompedora con la \u00e9poca, transformando la alta costura en una l\u00ednea de ropa informal y c\u00f3moda para la mujer.<\/li><li>Amelia Earhart, 1898-1937.  Primera Aviadora en hacer el primer vuelo en solitario por el Atl\u00e1ntico.<\/li><li>Frida Kahlo, 1907-1954. Pintora surrealista mexicana.  El motivo por el que es conocida, los autorretratos en los que plasmaba su accidente.<\/li><li>Rosa Parks, 1913-2005. Activista afroamericana.  Se neg\u00f3  a ceder el asiento en un autob\u00fas a un hombre blanco.<\/li><li>Margaret Thatcher, 1925-2013. Primera ministra del Reino Unido. <\/li><li>Meryl Streep, 1949-Actualmente. Actriz y cantante.&nbsp;<\/li><li>Oprah Winfrey, 1954-Actualmente. Periodista afroamericana que tiene el programa de entrevistas m\u00e1s visto de la historia de Estados Unidos.&nbsp;<\/li><li>&nbsp;Alek Wek, 1977- Actualmente. Supermodelo Sursudanesa, que se ha convertido en una de las modelos m\u00e1s conocidas de los a\u00f1os 90.<\/li><li>Malala Yousafzai, 1997-Actualmente.Activista pakistan\u00ed, persona m\u00e1s joven en obtener el Premio Nobel de la Paz, con 17 a\u00f1os.<\/li><\/ol>\n\n\n\n<p> \u00a1Esperamos vuestras im\u00e1genes!<\/p>\n\n\n\n<h2 class=\"wp-block-heading\">12 im\u00e1genes de mujeres que han marcado la historia:<\/h2>\n\n\n\n<figure class=\"wp-block-image size-large\"><img loading=\"lazy\" decoding=\"async\" width=\"480\" height=\"328\" src=\"https:\/\/eventoempresa.com\/wp-content\/uploads\/2021\/03\/grace-omalley.jpeg\" alt=\"Grace O'malley -12 im\u00e1genes de mujeres que han marcado la historia\" class=\"wp-image-8266\" srcset=\"https:\/\/eventoempresa.com\/wp-content\/uploads\/2021\/03\/grace-omalley.jpeg 480w, https:\/\/eventoempresa.com\/wp-content\/uploads\/2021\/03\/grace-omalley-300x205.jpeg 300w\" sizes=\"(max-width: 480px) 100vw, 480px\" \/><figcaption>Grace O&#8217;malley <br><a href=\"https:\/\/nuevatribuna.publico.es\/articulo\/cultura---ocio\/la-pirata-grace-o-malley\/20120326112537072463.html\">https:\/\/nuevatribuna.publico.es\/articulo\/cultura&#8212;ocio\/la-pirata-grace-o-malley\/20120326112537072463.html<\/a><\/figcaption><\/figure>\n\n\n\n<figure class=\"wp-block-image size-large is-resized\"><img loading=\"lazy\" decoding=\"async\" src=\"https:\/\/eventoempresa.com\/wp-content\/uploads\/2021\/03\/Jane-Austen.jpeg\" alt=\"Jane Austen -12 im\u00e1genes de mujeres que han marcado la historia\" class=\"wp-image-8277\" width=\"486\" height=\"602\" srcset=\"https:\/\/eventoempresa.com\/wp-content\/uploads\/2021\/03\/Jane-Austen.jpeg 486w, https:\/\/eventoempresa.com\/wp-content\/uploads\/2021\/03\/Jane-Austen-480x594.jpeg 480w\" sizes=\"(min-width: 0px) and (max-width: 480px) 480px, (min-width: 481px) 486px, 100vw\" \/><figcaption>Jane Austen <a href=\"https:\/\/objetivocastillalamancha.es\/contenidos\/internacional\/mujeres-que-dejaron-huella-en-la-historia-jane-austen\">https:\/\/objetivocastillalamancha.es\/contenidos\/internacional\/mujeres-que-dejaron-huella-en-la-historia-jane-austen<\/a><\/figcaption><\/figure>\n\n\n\n<figure class=\"wp-block-image size-large is-resized\"><img loading=\"lazy\" decoding=\"async\" src=\"https:\/\/eventoempresa.com\/wp-content\/uploads\/2021\/03\/Marie-curie.jpeg\" alt=\"Marie Curie -12 im\u00e1genes de mujeres que han marcado la historia\" class=\"wp-image-8267\" width=\"493\" height=\"346\" srcset=\"https:\/\/eventoempresa.com\/wp-content\/uploads\/2021\/03\/Marie-curie.jpeg 493w, https:\/\/eventoempresa.com\/wp-content\/uploads\/2021\/03\/Marie-curie-480x337.jpeg 480w\" sizes=\"(min-width: 0px) and (max-width: 480px) 480px, (min-width: 481px) 493px, 100vw\" \/><figcaption>Marie Curie<br><a href=\"https:\/\/cadenaser.com\/emisora\/2017\/02\/07\/radio_alicante\/1486494969_393894.html\">https:\/\/cadenaser.com\/emisora\/2017\/02\/07\/radio_alicante\/1486494969_393894.html<\/a><\/figcaption><\/figure>\n\n\n\n<figure class=\"wp-block-image size-large is-resized\"><img loading=\"lazy\" decoding=\"async\" src=\"https:\/\/eventoempresa.com\/wp-content\/uploads\/2021\/03\/coco-chanel.jpeg\" alt=\"Coco Chanel -12 im\u00e1genes de mujeres que han marcado la historia\" class=\"wp-image-8268\" width=\"493\" height=\"389\" srcset=\"https:\/\/eventoempresa.com\/wp-content\/uploads\/2021\/03\/coco-chanel.jpeg 420w, https:\/\/eventoempresa.com\/wp-content\/uploads\/2021\/03\/coco-chanel-300x236.jpeg 300w\" sizes=\"(max-width: 493px) 100vw, 493px\" \/><figcaption>Coco Chanel <a href=\"https:\/\/www.biografiasyvidas.com\/biografia\/c\/chanel.htm\">https:\/\/www.biografiasyvidas.com\/biografia\/c\/chanel.htm<\/a><\/figcaption><\/figure>\n\n\n\n<figure class=\"wp-block-image size-large is-resized\"><img loading=\"lazy\" decoding=\"async\" src=\"https:\/\/eventoempresa.com\/wp-content\/uploads\/2021\/03\/Amelia-Earhart-780x1024.jpeg\" alt=\"Amelia Earhart -12 im\u00e1genes de mujeres que han marcado la historia\" class=\"wp-image-8269\" width=\"497\" height=\"653\" srcset=\"https:\/\/eventoempresa.com\/wp-content\/uploads\/2021\/03\/Amelia-Earhart-780x1024.jpeg 497w, https:\/\/eventoempresa.com\/wp-content\/uploads\/2021\/03\/Amelia-Earhart-480x630.jpeg 480w\" sizes=\"(min-width: 0px) and (max-width: 480px) 480px, (min-width: 481px) 497px, 100vw\" \/><figcaption>Amelia Earhart <a href=\"https:\/\/www.biography.com\/explorer\/amelia-earhart\">https:\/\/www.biography.com\/explorer\/amelia-earhart<\/a><\/figcaption><\/figure>\n\n\n\n<figure class=\"wp-block-image size-large is-resized\"><img loading=\"lazy\" decoding=\"async\" src=\"https:\/\/eventoempresa.com\/wp-content\/uploads\/2021\/03\/Frida-Kahlo.jpeg\" alt=\"Frida Kahlo -12 im\u00e1genes de mujeres que han marcado la historia\" class=\"wp-image-8270\" width=\"500\" height=\"406\" srcset=\"https:\/\/eventoempresa.com\/wp-content\/uploads\/2021\/03\/Frida-Kahlo.jpeg 420w, https:\/\/eventoempresa.com\/wp-content\/uploads\/2021\/03\/Frida-Kahlo-300x244.jpeg 300w\" sizes=\"(max-width: 500px) 100vw, 500px\" \/><figcaption>Frida Kahlo <a href=\"https:\/\/www.biografiasyvidas.com\/biografia\/k\/kahlo.htm\">https:\/\/www.biografiasyvidas.com\/biografia\/k\/kahlo.htm<\/a><\/figcaption><\/figure>\n\n\n\n<figure class=\"wp-block-image size-large is-resized\"><img loading=\"lazy\" decoding=\"async\" src=\"https:\/\/eventoempresa.com\/wp-content\/uploads\/2021\/03\/Rosa-Parks.png\" alt=\"Rosa Parks -12 im\u00e1genes de mujeres que han marcado la historia\" class=\"wp-image-8271\" width=\"507\" height=\"392\" srcset=\"https:\/\/eventoempresa.com\/wp-content\/uploads\/2021\/03\/Rosa-Parks.png 507w, https:\/\/eventoempresa.com\/wp-content\/uploads\/2021\/03\/Rosa-Parks-480x371.png 480w\" sizes=\"(min-width: 0px) and (max-width: 480px) 480px, (min-width: 481px) 507px, 100vw\" \/><figcaption>Rosa Parks <a href=\"https:\/\/www.unicef.es\/educa\/blog\/rosa-parks-asiento-reservado-derechos-humanos\">https:\/\/www.unicef.es\/educa\/blog\/rosa-parks-asiento-reservado-derechos-humanos<\/a><\/figcaption><\/figure>\n\n\n\n<figure class=\"wp-block-image size-large is-resized\"><img loading=\"lazy\" decoding=\"async\" src=\"https:\/\/eventoempresa.com\/wp-content\/uploads\/2021\/03\/Margaret-Thatcher.jpeg\" alt=\"Margaret Thatcher-12 im\u00e1genes de mujeres que han marcado la historia\" class=\"wp-image-8272\" width=\"507\" height=\"285\" srcset=\"https:\/\/eventoempresa.com\/wp-content\/uploads\/2021\/03\/Margaret-Thatcher.jpeg 507w, https:\/\/eventoempresa.com\/wp-content\/uploads\/2021\/03\/Margaret-Thatcher-480x270.jpeg 480w\" sizes=\"(min-width: 0px) and (max-width: 480px) 480px, (min-width: 481px) 507px, 100vw\" \/><figcaption>Margaret Thatcher <a href=\"https:\/\/www.dw.com\/es\/el-mundo-recuerda-a-margaret-thatcher\/a-16729219\">https:\/\/www.dw.com\/es\/el-mundo-recuerda-a-margaret-thatcher\/a-16729219<\/a><\/figcaption><\/figure>\n\n\n\n<figure class=\"wp-block-image size-large is-resized\"><img loading=\"lazy\" decoding=\"async\" src=\"https:\/\/eventoempresa.com\/wp-content\/uploads\/2021\/03\/Meryl-Streep.jpeg\" alt=\"Meryl Streep -12 im\u00e1genes \" class=\"wp-image-8273\" width=\"520\" height=\"755\" srcset=\"https:\/\/eventoempresa.com\/wp-content\/uploads\/2021\/03\/Meryl-Streep.jpeg 520w, https:\/\/eventoempresa.com\/wp-content\/uploads\/2021\/03\/Meryl-Streep-480x697.jpeg 480w\" sizes=\"(min-width: 0px) and (max-width: 480px) 480px, (min-width: 481px) 520px, 100vw\" \/><figcaption>Meryl Streep <a href=\"https:\/\/www.vogue.es\/moda\/modapedia\/personajes\/meryl-streep\/621\">https:\/\/www.vogue.es\/moda\/modapedia\/personajes\/meryl-streep\/621<\/a><\/figcaption><\/figure>\n\n\n\n<figure class=\"wp-block-image size-large is-resized\"><img loading=\"lazy\" decoding=\"async\" src=\"https:\/\/eventoempresa.com\/wp-content\/uploads\/2021\/03\/Oprah-Winfrey.jpeg\" alt=\"Oprah Winfrey -12 im\u00e1genes \" class=\"wp-image-8274\" width=\"520\" height=\"288\" srcset=\"https:\/\/eventoempresa.com\/wp-content\/uploads\/2021\/03\/Oprah-Winfrey.jpeg 520w, https:\/\/eventoempresa.com\/wp-content\/uploads\/2021\/03\/Oprah-Winfrey-480x266.jpeg 480w\" sizes=\"(min-width: 0px) and (max-width: 480px) 480px, (min-width: 481px) 520px, 100vw\" \/><figcaption>Oprah Winfrey <a href=\"https:\/\/mujeresbacanas.com\/oprah-winfrey-1954\/\">https:\/\/mujeresbacanas.com\/oprah-winfrey-1954\/<\/a><\/figcaption><\/figure>\n\n\n\n<figure class=\"wp-block-image size-large is-resized\"><img loading=\"lazy\" decoding=\"async\" src=\"https:\/\/eventoempresa.com\/wp-content\/uploads\/2021\/03\/Alek-Wek.jpeg\" alt=\"Alek Wek -12 im\u00e1genes \" class=\"wp-image-8275\" width=\"520\" height=\"780\" srcset=\"https:\/\/eventoempresa.com\/wp-content\/uploads\/2021\/03\/Alek-Wek.jpeg 480w, https:\/\/eventoempresa.com\/wp-content\/uploads\/2021\/03\/Alek-Wek-200x300.jpeg 200w\" sizes=\"(max-width: 520px) 100vw, 520px\" \/><figcaption>Alek Wek <a href=\"https:\/\/www.dsigno.es\/blog\/diseno-de-moda\/alek-wek-y-su-historia-inspiradora\">https:\/\/www.dsigno.es\/blog\/diseno-de-moda\/alek-wek-y-su-historia-inspiradora<\/a><\/figcaption><\/figure>\n\n\n\n<p>Para saber m\u00e1s sobre cultura te invitamos a leer en nuestros apartados del blog, cultura<a href=\"https:\/\/eventoempresa.com\/category\/blog\/team-building-blog\/team-building-culturales\/\">https:\/\/eventoempresa.com\/category\/blog\/team-building-blog\/team-building-culturales\/<\/a> y primavera <a href=\"https:\/\/eventoempresa.com\/category\/blog\/decoracion-blog\/decoracion-primavera\/\">https:\/\/eventoempresa.com\/category\/blog\/decoracion-blog\/decoracion-primavera\/<\/a><\/p>\n\n\n\n<p>En&nbsp;<strong>Evento Empresa<\/strong>&nbsp;somos expertos en&nbsp;<a href=\"https:\/\/eventoempresa.com\/category\/blog\/team-building-blog\/\">los mejores Team Buildings<\/a>&nbsp;y nos adaptamos a vuestras necesidades. Si quieres conocer m\u00e1s sobre nuestros Team Buildings o eventos tem\u00e1ticos y Culturales&nbsp;<a href=\"https:\/\/eventoempresa.com\/contacto\/\">poneros en contacto con nosotros<\/a>&nbsp;,sin ning\u00fan tipo de compromiso. Estaremos encantados de ayudaros y de responder a cualquier de vuestras dudas.<\/p>\n","protected":false},"excerpt":{"rendered":"<p>\u00bfQu\u00e9 significa feminidad o ser una mujer empoderada? Te explicamos los acontecimientos de 12 mujeres que sus vidas han marcado la historia de alguna manera. Aqu\u00ed encontrar\u00e1s la an\u00e9cdota de su vida y el porqu\u00e9 pas\u00f3 a la historia. Seguidamente, te las mostramos en im\u00e1genes para que t\u00fa puedas recrearlas. No obstante, igual que cada [&hellip;]<\/p>\n","protected":false},"author":1,"featured_media":8276,"comment_status":"open","ping_status":"open","sticky":false,"template":"","format":"standard","meta":{"_et_pb_use_builder":"off","_et_pb_old_content":"","_et_gb_content_width":"","footnotes":""},"categories":[596,559],"tags":[618,613,624,619,616,614,620,630,626,621,627,615,628,617,625],"class_list":["post-8262","post","type-post","status-publish","format-standard","has-post-thumbnail","hentry","category-team-building-culturales","category-team-building-blog","tag-evento-empresa","tag-feminidad","tag-frida-kahlo","tag-grace-omalley","tag-historia","tag-imagenes-mujeres","tag-jane-austen","tag-malala-yousafzai","tag-margaret-thatcher","tag-marie-curie","tag-meryl-streep","tag-mujeres","tag-oprah-winfrey","tag-recrearlas","tag-rosa-parks"],"_links":{"self":[{"href":"https:\/\/eventoempresa.com\/en\/wp-json\/wp\/v2\/posts\/8262","targetHints":{"allow":["GET"]}}],"collection":[{"href":"https:\/\/eventoempresa.com\/en\/wp-json\/wp\/v2\/posts"}],"about":[{"href":"https:\/\/eventoempresa.com\/en\/wp-json\/wp\/v2\/types\/post"}],"author":[{"embeddable":true,"href":"https:\/\/eventoempresa.com\/en\/wp-json\/wp\/v2\/users\/1"}],"replies":[{"embeddable":true,"href":"https:\/\/eventoempresa.com\/en\/wp-json\/wp\/v2\/comments?post=8262"}],"version-history":[{"count":10,"href":"https:\/\/eventoempresa.com\/en\/wp-json\/wp\/v2\/posts\/8262\/revisions"}],"predecessor-version":[{"id":8289,"href":"https:\/\/eventoempresa.com\/en\/wp-json\/wp\/v2\/posts\/8262\/revisions\/8289"}],"wp:featuredmedia":[{"embeddable":true,"href":"https:\/\/eventoempresa.com\/en\/wp-json\/wp\/v2\/media\/8276"}],"wp:attachment":[{"href":"https:\/\/eventoempresa.com\/en\/wp-json\/wp\/v2\/media?parent=8262"}],"wp:term":[{"taxonomy":"category","embeddable":true,"href":"https:\/\/eventoempresa.com\/en\/wp-json\/wp\/v2\/categories?post=8262"},{"taxonomy":"post_tag","embeddable":true,"href":"https:\/\/eventoempresa.com\/en\/wp-json\/wp\/v2\/tags?post=8262"}],"curies":[{"name":"wp","href":"https:\/\/api.w.org\/{rel}","templated":true}]}}