{"id":1962,"date":"2016-02-25T16:09:29","date_gmt":"2016-02-25T15:09:29","guid":{"rendered":"http:\/\/blog.eventoempresabcn.es\/?p=1962"},"modified":"2026-01-14T14:35:10","modified_gmt":"2026-01-14T13:35:10","slug":"realidad-virtual-en-eventos-es-tendencia-en-2016","status":"publish","type":"post","link":"https:\/\/eventoempresa.com\/en\/realidad-virtual-en-eventos-es-tendencia-en-2016\/","title":{"rendered":"Realidad virtual en eventos es tendencia en 2016"},"content":{"rendered":"<p>En los \u00faltimos a\u00f1os ha habido mucho debate acerca del <strong>uso de la realidad virtual en los eventos<\/strong>. Han sido pocos los que se han aventurado a incluir la experiencia completa de la realidad creada en eventos cuya tem\u00e1tica no es la tecnolog\u00eda. Estas aventuras no han resultado del todo acertadas pero con las mejoras de los \u00faltimos 2 a\u00f1os todo hace indicar que este 2016 ser\u00e1 un a\u00f1o de consolidaci\u00f3n.<\/p>\n<div id=\"attachment_1964\" style=\"width: 634px\" class=\"wp-caption aligncenter\"><a href=\"http:\/\/blog.eventoempresabcn.es\/wp-content\/uploads\/2016\/02\/VR5.png\"><img loading=\"lazy\" decoding=\"async\" aria-describedby=\"caption-attachment-1964\" class=\"wp-image-1964 \" src=\"http:\/\/blog.eventoempresabcn.es\/wp-content\/uploads\/2016\/02\/VR5.png\" alt=\"VR5\" width=\"624\" height=\"182\" srcset=\"https:\/\/eventoempresa.com\/wp-content\/uploads\/2016\/02\/VR5.png 752w, https:\/\/eventoempresa.com\/wp-content\/uploads\/2016\/02\/VR5-300x87.png 300w\" sizes=\"(max-width: 624px) 100vw, 624px\" \/><\/a><p id=\"caption-attachment-1964\" class=\"wp-caption-text\">Fotos cedidas por La Vanguardia y DW<\/p><\/div>\n<p><strong>La realidad virtual<\/strong> es el t\u00e9rmino dado a un &#8220;ambiente&#8221; generado por ordenador que permite al participante moverse e interactuar con las im\u00e1genes que simula el mundo f\u00edsico.<\/p>\n<p><a href=\"http:\/\/verne.elpais.com\/verne\/2016\/02\/22\/articulo\/1456156212_376432.html\"><em><strong>La foto de Mark Zuckerberg<\/strong><\/em><\/a> en el <em><strong><a href=\"https:\/\/www.mobileworldcongress.com\/\" target=\"_blank\" rel=\"noopener\">Mobile World Congress<\/a><\/strong><\/em>, rodeado de asistentes sumergidos en la realidad virtual, ha dado la vuelta al mundo. \u00a0A pesar de no ser una novedad, grandes empresas como: <strong>Facebook, Sony, Samsung y Google<\/strong> est\u00e1n involucradas. Si bien \u00e9stos no son grandes jugadores en el espacio de los eventos, su participaci\u00f3n hace abaratar el coste de los dispositivos y adem\u00e1s reafirma el uso de esta tecnolog\u00eda.<\/p>\n<div id=\"attachment_1963\" style=\"width: 640px\" class=\"wp-caption aligncenter\"><a href=\"http:\/\/blog.eventoempresabcn.es\/wp-content\/uploads\/2016\/02\/VR1.jpg\"><img loading=\"lazy\" decoding=\"async\" aria-describedby=\"caption-attachment-1963\" class=\"wp-image-1963 size-full\" src=\"http:\/\/blog.eventoempresabcn.es\/wp-content\/uploads\/2016\/02\/VR1.jpg\" alt=\"VR1\" width=\"630\" height=\"419\" srcset=\"https:\/\/eventoempresa.com\/wp-content\/uploads\/2016\/02\/VR1.jpg 630w, https:\/\/eventoempresa.com\/wp-content\/uploads\/2016\/02\/VR1-300x200.jpg 300w\" sizes=\"(max-width: 630px) 100vw, 630px\" \/><\/a><p id=\"caption-attachment-1963\" class=\"wp-caption-text\">Foto cedida por El Pais<\/p><\/div>\n<p><strong>La maximizaci\u00f3n de la experiencia<\/strong>, el sello distintivo de la realidad virtual, es una gran herramienta para los organizadores de eventos quienes tienen el reto constante de ofrecer nuevas y excitantes experiencias. A esto se suma que los asistentes son cada vez m\u00e1s j\u00f3venes, por lo que es m\u00e1s dif\u00edcil captar su atenci\u00f3n. Las conferencias aburridas y los c\u00f3cteles serios ya no ser\u00e1n una opci\u00f3n.<\/p>\n<p>Por todo esto los <strong>organizadores de eventos<\/strong> tendr\u00e1n que echar un vistazo a la realidad virtual para crear eventos innovadores y mantener la fidelizaci\u00f3n de sus asistentes.<\/p>\n","protected":false},"excerpt":{"rendered":"<p>En los \u00faltimos a\u00f1os ha habido mucho debate acerca del uso de la realidad virtual en los eventos. Han sido pocos los que se han aventurado a incluir la experiencia completa de la realidad creada en eventos cuya tem\u00e1tica no es la tecnolog\u00eda. Estas aventuras no han resultado del todo acertadas pero con las mejoras [&hellip;]<\/p>\n","protected":false},"author":1,"featured_media":0,"comment_status":"open","ping_status":"open","sticky":false,"template":"","format":"standard","meta":{"_et_pb_use_builder":"","_et_pb_old_content":"","_et_gb_content_width":"","footnotes":""},"categories":[1],"tags":[319,320,318,323,322,321],"class_list":["post-1962","post","type-post","status-publish","format-standard","hentry","category-decoracion-eventos-invierno-barcelona","tag-experiencia-sensorial","tag-organizador-de-eventos","tag-realidad-virtual-en-eventos","tag-tendencia-2016","tag-virtual-reality","tag-vr"],"_links":{"self":[{"href":"https:\/\/eventoempresa.com\/en\/wp-json\/wp\/v2\/posts\/1962","targetHints":{"allow":["GET"]}}],"collection":[{"href":"https:\/\/eventoempresa.com\/en\/wp-json\/wp\/v2\/posts"}],"about":[{"href":"https:\/\/eventoempresa.com\/en\/wp-json\/wp\/v2\/types\/post"}],"author":[{"embeddable":true,"href":"https:\/\/eventoempresa.com\/en\/wp-json\/wp\/v2\/users\/1"}],"replies":[{"embeddable":true,"href":"https:\/\/eventoempresa.com\/en\/wp-json\/wp\/v2\/comments?post=1962"}],"version-history":[{"count":4,"href":"https:\/\/eventoempresa.com\/en\/wp-json\/wp\/v2\/posts\/1962\/revisions"}],"predecessor-version":[{"id":14769,"href":"https:\/\/eventoempresa.com\/en\/wp-json\/wp\/v2\/posts\/1962\/revisions\/14769"}],"wp:attachment":[{"href":"https:\/\/eventoempresa.com\/en\/wp-json\/wp\/v2\/media?parent=1962"}],"wp:term":[{"taxonomy":"category","embeddable":true,"href":"https:\/\/eventoempresa.com\/en\/wp-json\/wp\/v2\/categories?post=1962"},{"taxonomy":"post_tag","embeddable":true,"href":"https:\/\/eventoempresa.com\/en\/wp-json\/wp\/v2\/tags?post=1962"}],"curies":[{"name":"wp","href":"https:\/\/api.w.org\/{rel}","templated":true}]}}