{"id":2074,"date":"2016-03-29T09:01:41","date_gmt":"2016-03-29T08:01:41","guid":{"rendered":"http:\/\/blog.eventoempresabcn.es\/?p=2074"},"modified":"2026-01-14T14:35:10","modified_gmt":"2026-01-14T13:35:10","slug":"la-ultima-tecnologia-en-los-eventos","status":"publish","type":"post","link":"https:\/\/eventoempresa.com\/ca\/la-ultima-tecnologia-en-los-eventos\/","title":{"rendered":"La \u00faltima tecnolog\u00eda en los eventos"},"content":{"rendered":"<p style=\"text-align: justify;\">El mundo de los<strong> eventos<\/strong> cada vez est\u00e1 m\u00e1s ligado al de las <strong>nuevas tecnolog\u00edas<\/strong> y las experiencias marcan cada vez m\u00e1s la perspectiva que tenga el p\u00fablico a cerca de lo vivido en un evento.<\/p>\n<p style=\"text-align: justify;\"><strong>Interactuar<\/strong> con la realidad de una forma m\u00e1s pr\u00f3xima mejora la <strong>experiencia<\/strong> del evento y facilita el <strong>aprendizaje<\/strong> y la informaci\u00f3n que se quiera transmitir en dicho acontecimiento. En los eventos, las gafas de realidad virtual o de 3 y 4D cada vez est\u00e1n m\u00e1s presentes.<\/p>\n<p><a href=\"http:\/\/blog.eventoempresabcn.es\/wp-content\/uploads\/2016\/03\/eleconomista.jpg\"><img loading=\"lazy\" decoding=\"async\" class=\"aligncenter size-full wp-image-2079\" src=\"http:\/\/blog.eventoempresabcn.es\/wp-content\/uploads\/2016\/03\/eleconomista.jpg\" alt=\"eleconomista\" width=\"665\" height=\"400\" srcset=\"https:\/\/eventoempresa.com\/wp-content\/uploads\/2016\/03\/eleconomista.jpg 665w, https:\/\/eventoempresa.com\/wp-content\/uploads\/2016\/03\/eleconomista-300x180.jpg 300w\" sizes=\"(max-width: 665px) 100vw, 665px\" \/><\/a><\/p>\n<p style=\"text-align: justify;\">Con el uso de gafas de <strong>realidad aumentada<\/strong>, los asistentes a un evento pueden vivir experiencias \u00fanicas, estar en lugares inimaginables y poder tocar a personajes que no cre\u00edan que podr\u00edan ver nunca. <strong>Experiencias \u00fanicas<\/strong> que permiten una facilidad de aprendizaje y que muestran de una forma m\u00e1s real y diferente\u00a0el poder conocer el funcionamiento de un producto o servicio a tiempo real. Y no solo es cuesti\u00f3n de gafas virtuales, sino que otros elementos como los <strong>robots<\/strong> permitir\u00e1n recibir a los invitados en un evento y facilitarles toda la informaci\u00f3n necesaria.<\/p>\n<p><a href=\"http:\/\/blog.eventoempresabcn.es\/wp-content\/uploads\/2016\/03\/elconfidencial.jpg\"><img loading=\"lazy\" decoding=\"async\" class=\"aligncenter size-full wp-image-2078\" src=\"http:\/\/blog.eventoempresabcn.es\/wp-content\/uploads\/2016\/03\/elconfidencial.jpg\" alt=\"elconfidencial\" width=\"992\" height=\"604\" srcset=\"https:\/\/eventoempresa.com\/wp-content\/uploads\/2016\/03\/elconfidencial.jpg 992w, https:\/\/eventoempresa.com\/wp-content\/uploads\/2016\/03\/elconfidencial-300x183.jpg 300w\" sizes=\"(max-width: 992px) 100vw, 992px\" \/><\/a><\/p>\n<p style=\"text-align: justify;\">La ficci\u00f3n ha superado las barreras y ahora ya es una realidad. Podemos tocar, sentir, oler y experimentar <strong>sensaciones<\/strong> a trav\u00e9s de unas gafas virtuales, algo impensable hace unos a\u00f1os, y que consigue que el mundo de los eventos pueda convertirse en experiencias <strong>sensoriales<\/strong> en donde las marcas puedan aprovechar al m\u00e1ximo sus oportunidades y ofrecer momentos \u00fanicos a sus asistentes. Mostrando todas las caracter\u00edsticas de sus productos, de una manera m\u00e1s <strong>original<\/strong> y \u00fanica desde luego.<\/p>\n<p style=\"text-align: justify;\">Ya no se trata solo de \u201cvisitar\u201d o estar en un lugar distinto, sino de vivir experiencias ya que tambi\u00e9n est\u00e1 la opci\u00f3n de poder realizar una <strong>actividad deportiva<\/strong> con ellas y de competir con otras personas en un lugar cerrado. Es una forma que sirve muy bien para gamers, empresas, gu\u00edas tur\u00edsticos o de ferias interactivas, donde la experiencia la puedes vivir de forma <strong>inversa<\/strong>.<\/p>\n<p><a href=\"http:\/\/blog.eventoempresabcn.es\/wp-content\/uploads\/2016\/03\/imaste-ips.jpg\"><img loading=\"lazy\" decoding=\"async\" class=\"aligncenter size-full wp-image-2080\" src=\"http:\/\/blog.eventoempresabcn.es\/wp-content\/uploads\/2016\/03\/imaste-ips.jpg\" alt=\"imaste-ips\" width=\"940\" height=\"517\" srcset=\"https:\/\/eventoempresa.com\/wp-content\/uploads\/2016\/03\/imaste-ips.jpg 940w, https:\/\/eventoempresa.com\/wp-content\/uploads\/2016\/03\/imaste-ips-300x165.jpg 300w\" sizes=\"(max-width: 940px) 100vw, 940px\" \/><\/a><\/p>\n<p style=\"text-align: justify;\">Los<strong> drones<\/strong> tambi\u00e9n siguen en el candeleros, y es que \u00e9stos \u201crobots voladores\u201d permiten<strong> grabar<\/strong> de una forma muy c\u00f3moda y discreta los <strong>eventos<\/strong> desde una perspectiva \u00fanica; el aire. Obteniendo as\u00ed los mejores resultados, otra vez de la mano de la tecnolog\u00eda m\u00e1s puntera.<\/p>\n<p><a href=\"http:\/\/blog.eventoempresabcn.es\/wp-content\/uploads\/2016\/03\/alieblog.jpg\"><img loading=\"lazy\" decoding=\"async\" class=\"aligncenter size-full wp-image-2076\" src=\"http:\/\/blog.eventoempresabcn.es\/wp-content\/uploads\/2016\/03\/alieblog.jpg\" alt=\"alieblog\" width=\"600\" height=\"399\" srcset=\"https:\/\/eventoempresa.com\/wp-content\/uploads\/2016\/03\/alieblog.jpg 600w, https:\/\/eventoempresa.com\/wp-content\/uploads\/2016\/03\/alieblog-300x200.jpg 300w\" sizes=\"(max-width: 600px) 100vw, 600px\" \/><\/a><\/p>\n<p>&nbsp;<\/p>\n<p style=\"text-align: justify;\">Las<strong> impresoras 3D<\/strong> se unen a este elenco tecnol\u00f3gico. Y es que gracias a este nuevo producto ser\u00e1 muy f\u00e1cil y r\u00e1pido construir nuevas <strong>plataformas<\/strong> y espacios en los eventos, as\u00ed como tambi\u00e9n dise\u00f1ar y plasmar los objetos m\u00e1s remotos para ofrecer a tus invitados como obsequio o mostrar r\u00e9plicas del producto que se presenta en una feria o conferencia. \u00bfToda una ventaja y avance verdad?.<\/p>\n<p><a href=\"http:\/\/blog.eventoempresabcn.es\/wp-content\/uploads\/2016\/03\/revistamc.jgcalleja.jpg\"><img loading=\"lazy\" decoding=\"async\" class=\"aligncenter size-full wp-image-2084\" src=\"http:\/\/blog.eventoempresabcn.es\/wp-content\/uploads\/2016\/03\/revistamc.jgcalleja.jpg\" alt=\"revistamc.jgcalleja\" width=\"599\" height=\"303\" srcset=\"https:\/\/eventoempresa.com\/wp-content\/uploads\/2016\/03\/revistamc.jgcalleja.jpg 599w, https:\/\/eventoempresa.com\/wp-content\/uploads\/2016\/03\/revistamc.jgcalleja-300x152.jpg 300w\" sizes=\"(max-width: 599px) 100vw, 599px\" \/><\/a><\/p>\n<p style=\"text-align: justify;\">Una <strong>realidad programada<\/strong> que nos dificulta diferenciar la realidad de la ficci\u00f3n pero que nos proporciona un gran abanico de opciones en el mundo de los eventos. \u00bfPodremos llegar a diferenciar la realidad de la ficci\u00f3n?, esta posibilidad nos proporciona un mundo con muchas m\u00e1s opciones\u00a0a la vez que es m\u00e1s <strong>rentable<\/strong>, aunque por el momento estas gafas de realidad aumentada no son muy comunes seguro que no tardar\u00e1n mucho en expandirse y podremos verlas cada vez m\u00e1s en eventos y <strong>acontecimientos sociales<\/strong>. Por el momento solo tenemos que esperar y pensar en c\u00f3mo nos gustar\u00eda que fuera nuestro evento si queremos ofrecer esta \u00faltima <strong>tecnolog\u00eda.<\/strong><\/p>\n<p style=\"text-align: justify;\">Aqu\u00ed os dejamos un evento que realiz\u00f3 National geographic en un centro comercial en donde la realidad virtual sorprendi\u00f3 a todos los asistentes. El poder de las nuevas tecnolog\u00edas nos puede llevar a lugares y tiempos remotos de una forma muy real, y es que hace unos a\u00f1os no lo hubi\u00e9ramos podido imaginar, ahora todo esto es posible.<\/p>\n<p style=\"text-align: justify;\"><a href=\"https:\/\/www.youtube.com\/watch?v=oqCFJIRK6wU\">realidad virtual en eventos<\/a><\/p>\n<h6 style=\"text-align: justify;\">Im\u00e1genes por: alieblog, elconfidencial, eleconomista, imaste-ips, revistamc.jgcallej.<\/h6>\n","protected":false},"excerpt":{"rendered":"<p>El mundo de los eventos cada vez est\u00e1 m\u00e1s ligado al de las nuevas tecnolog\u00edas y las experiencias marcan cada vez m\u00e1s la perspectiva que tenga el p\u00fablico a cerca de lo vivido en un evento. Interactuar con la realidad de una forma m\u00e1s pr\u00f3xima mejora la experiencia del evento y facilita el aprendizaje y [&hellip;]<\/p>\n","protected":false},"author":1,"featured_media":540,"comment_status":"open","ping_status":"open","sticky":false,"template":"","format":"standard","meta":{"_et_pb_use_builder":"","_et_pb_old_content":"","_et_gb_content_width":"","footnotes":""},"categories":[556,478,312,572],"tags":[29,32,37,72,45,51],"class_list":["post-2074","post","type-post","status-publish","format-standard","has-post-thumbnail","hentry","category-eventos-corporativos","category-mice-meeting-incentives","category-infraestructuras-tecnologia","category-eventos-tendencias","tag-evento-empresa-bcn","tag-eventos-corporativos","tag-eventos-de-empresa","tag-eventos-experienciales","tag-organizacion-de-eventos","tag-tecnologia"],"_links":{"self":[{"href":"https:\/\/eventoempresa.com\/ca\/wp-json\/wp\/v2\/posts\/2074","targetHints":{"allow":["GET"]}}],"collection":[{"href":"https:\/\/eventoempresa.com\/ca\/wp-json\/wp\/v2\/posts"}],"about":[{"href":"https:\/\/eventoempresa.com\/ca\/wp-json\/wp\/v2\/types\/post"}],"author":[{"embeddable":true,"href":"https:\/\/eventoempresa.com\/ca\/wp-json\/wp\/v2\/users\/1"}],"replies":[{"embeddable":true,"href":"https:\/\/eventoempresa.com\/ca\/wp-json\/wp\/v2\/comments?post=2074"}],"version-history":[{"count":2,"href":"https:\/\/eventoempresa.com\/ca\/wp-json\/wp\/v2\/posts\/2074\/revisions"}],"predecessor-version":[{"id":17619,"href":"https:\/\/eventoempresa.com\/ca\/wp-json\/wp\/v2\/posts\/2074\/revisions\/17619"}],"wp:featuredmedia":[{"embeddable":true,"href":"https:\/\/eventoempresa.com\/ca\/wp-json\/wp\/v2\/media\/540"}],"wp:attachment":[{"href":"https:\/\/eventoempresa.com\/ca\/wp-json\/wp\/v2\/media?parent=2074"}],"wp:term":[{"taxonomy":"category","embeddable":true,"href":"https:\/\/eventoempresa.com\/ca\/wp-json\/wp\/v2\/categories?post=2074"},{"taxonomy":"post_tag","embeddable":true,"href":"https:\/\/eventoempresa.com\/ca\/wp-json\/wp\/v2\/tags?post=2074"}],"curies":[{"name":"wp","href":"https:\/\/api.w.org\/{rel}","templated":true}]}}