{"id":1635,"date":"2015-10-13T13:44:37","date_gmt":"2015-10-13T12:44:37","guid":{"rendered":"http:\/\/blog.eventoempresabcn.es\/?p=1635"},"modified":"2026-01-14T14:35:35","modified_gmt":"2026-01-14T13:35:35","slug":"decoracion-en-eventos-en-otono","status":"publish","type":"post","link":"https:\/\/eventoempresa.com\/ca\/decoracion-en-eventos-en-otono\/","title":{"rendered":"Decoraci\u00f3n en eventos de oto\u00f1o."},"content":{"rendered":"\n<p><\/p>\n\n\n\n<p>Descubre como decorar tus eventos de oto\u00f1o, siguiendo las \u00faltimas tendencias. Esta \u00e9poca del a\u00f1o siempre se relaciona con conceptos como la calidez, lo natural y la nostalgia. Puedes jugar con los colores, diferentes estilos y elementos decorativos y naturales, propios de la estaci\u00f3n oto\u00f1al.<\/p>\n\n\n\n<h2 class=\"wp-block-heading\">Tonalidades y flores en tus eventos de oto\u00f1o<\/h2>\n\n\n\n<p>Empezando por los colores, este oto\u00f1o se llevan el plata, el rosa humo, el melocot\u00f3n, as\u00ed c\u00f3mo la gama crom\u00e1tica de verdes y azules. Sin olvidarnos, obviamente, de los tradicionales ocres y naranjas. Las combinaciones pueden ser de lo m\u00e1s interesantes, visualmente.<\/p>\n\n\n\n<p><strong>Las flores<\/strong> son fundamentales en <strong>las tendencias de este oto\u00f1o<\/strong>. Sobre todo combinadas con detalles de madera, pi\u00f1as secas, espigas de trigo y las famosas calabazas. De estas \u00faltimas prevalecen las de color beige o blanco sucio.<\/p>\n\n\n\n<div class=\"wp-block-image\"><figure class=\"aligncenter size-large is-resized\"><img loading=\"lazy\" decoding=\"async\" src=\"https:\/\/eventoempresa.com\/wp-content\/uploads\/2015\/10\/decooto\u00f1o4.jpg\" alt=\"Colombinaciones florales. \" class=\"wp-image-1639\" width=\"401\" height=\"486\" srcset=\"https:\/\/eventoempresa.com\/wp-content\/uploads\/2015\/10\/decooto\u00f1o4.jpg 360w, https:\/\/eventoempresa.com\/wp-content\/uploads\/2015\/10\/decooto\u00f1o4-247x300.jpg 247w\" sizes=\"(max-width: 401px) 100vw, 401px\" \/><figcaption>Combinaciones florales para los eventos de oto\u00f1o.<\/figcaption><\/figure><\/div>\n\n\n\n<h2 class=\"wp-block-heading\">Elementos oto\u00f1ales decorativos <\/h2>\n\n\n\n<p>Por lo que se refiere a la <strong>decoraci\u00f3n de las mesas,&nbsp;<\/strong>para los eventos de oto\u00f1o m\u00e1s formales, los colores claros y el ocre parecen ser los m\u00e1s adecuados. Sin embargo, hay espacio para el color y especialmente los estampados florales.  Si hablamos de estilos, el bohemio, vintage y rural, ayudar\u00e1n a dar coherencia a la decoraci\u00f3n.<\/p>\n\n\n\n<div class=\"wp-block-image\"><figure class=\"aligncenter is-resized\"><a href=\"http:\/\/blog.eventoempresabcn.es\/wp-content\/uploads\/2015\/10\/decootro\u00f1o1.jpg\"><img loading=\"lazy\" decoding=\"async\" src=\"http:\/\/blog.eventoempresabcn.es\/wp-content\/uploads\/2015\/10\/decootro\u00f1o1.jpg\" alt=\"decootro\u00f1o1\" class=\"wp-image-1637\" width=\"602\" height=\"301\" srcset=\"https:\/\/eventoempresa.com\/wp-content\/uploads\/2015\/10\/decootro\u00f1o1.jpg 1000w, https:\/\/eventoempresa.com\/wp-content\/uploads\/2015\/10\/decootro\u00f1o1-300x150.jpg 300w\" sizes=\"(max-width: 602px) 100vw, 602px\" \/><\/a><figcaption>Decoraci\u00f3n de mesas con elementos oto\u00f1ales.<\/figcaption><\/figure><\/div>\n\n\n\n<p><strong>Las velas<\/strong> son&nbsp;las aliadas perfectas para decorar esta temporada del a\u00f1o, otorg\u00e1ndole siempre un toque especial. Este tipo de iluminaci\u00f3n c\u00e1lida puede usarse tanto en las mesas como en los rincones de catering y de lounge. <\/p>\n\n\n\n<p>Es esencial cuidar y tener en cuenta, hasta los m\u00e1s peque\u00f1os detalles. Estos ser\u00e1n los que hagan que el evento se convierta en algo especial, y en un agradable momento a recordar.<\/p>\n\n\n\n<div class=\"wp-block-image\"><figure class=\"aligncenter size-large is-resized\"><img loading=\"lazy\" decoding=\"async\" src=\"https:\/\/eventoempresa.com\/wp-content\/uploads\/2015\/10\/decootro\u00f1o21.jpg\" alt=\"Decoraci\u00f3n para eventos de oto\u00f1o\" class=\"wp-image-1640\" width=\"356\" height=\"538\" srcset=\"https:\/\/eventoempresa.com\/wp-content\/uploads\/2015\/10\/decootro\u00f1o21.jpg 236w, https:\/\/eventoempresa.com\/wp-content\/uploads\/2015\/10\/decootro\u00f1o21-198x300.jpg 198w\" sizes=\"(max-width: 356px) 100vw, 356px\" \/><figcaption>Iluminaci\u00f3n para decoraciones de oto\u00f1o<\/figcaption><\/figure><\/div>\n\n\n\n<p><\/p>\n\n\n\n<p>Si quieres organizar tu evento de oto\u00f1o, Conf\u00eda en nosotros para ello. Contacta con<a href=\"https:\/\/eventoempresa.com\"> Evento Empresa<\/a> y nos encargaremos de crearlo, dejando una huella memorable entre tus invitados. <\/p>\n\n\n\n<p><\/p>\n\n\n\n<p><\/p>\n\n\n\n<p><\/p>\n\n\n\n<p>Fotos cedidas por: All lovely party, A new planner, Heli floristeria.<\/p>\n","protected":false},"excerpt":{"rendered":"<p>Descubre como decorar tus eventos de oto\u00f1o, siguiendo las \u00faltimas tendencias. Esta \u00e9poca del a\u00f1o siempre se relaciona con conceptos como la calidez, lo natural y la nostalgia. Puedes jugar con los colores, diferentes estilos y elementos decorativos y naturales, propios de la estaci\u00f3n oto\u00f1al. Tonalidades y flores en tus eventos de oto\u00f1o Empezando por [&hellip;]<\/p>\n","protected":false},"author":1,"featured_media":1642,"comment_status":"open","ping_status":"open","sticky":false,"template":"","format":"standard","meta":{"_et_pb_use_builder":"","_et_pb_old_content":"","_et_gb_content_width":"","footnotes":""},"categories":[530],"tags":[85,183,217,215,214,118],"class_list":["post-1635","post","type-post","status-publish","format-standard","has-post-thumbnail","hentry","category-decoracion-eventos","tag-espacios-unicos","tag-evento-otono","tag-eventos-corporativo","tag-flores","tag-otono","tag-ultimas-tendencias"],"_links":{"self":[{"href":"https:\/\/eventoempresa.com\/ca\/wp-json\/wp\/v2\/posts\/1635","targetHints":{"allow":["GET"]}}],"collection":[{"href":"https:\/\/eventoempresa.com\/ca\/wp-json\/wp\/v2\/posts"}],"about":[{"href":"https:\/\/eventoempresa.com\/ca\/wp-json\/wp\/v2\/types\/post"}],"author":[{"embeddable":true,"href":"https:\/\/eventoempresa.com\/ca\/wp-json\/wp\/v2\/users\/1"}],"replies":[{"embeddable":true,"href":"https:\/\/eventoempresa.com\/ca\/wp-json\/wp\/v2\/comments?post=1635"}],"version-history":[{"count":7,"href":"https:\/\/eventoempresa.com\/ca\/wp-json\/wp\/v2\/posts\/1635\/revisions"}],"predecessor-version":[{"id":7697,"href":"https:\/\/eventoempresa.com\/ca\/wp-json\/wp\/v2\/posts\/1635\/revisions\/7697"}],"wp:featuredmedia":[{"embeddable":true,"href":"https:\/\/eventoempresa.com\/ca\/wp-json\/wp\/v2\/media\/1642"}],"wp:attachment":[{"href":"https:\/\/eventoempresa.com\/ca\/wp-json\/wp\/v2\/media?parent=1635"}],"wp:term":[{"taxonomy":"category","embeddable":true,"href":"https:\/\/eventoempresa.com\/ca\/wp-json\/wp\/v2\/categories?post=1635"},{"taxonomy":"post_tag","embeddable":true,"href":"https:\/\/eventoempresa.com\/ca\/wp-json\/wp\/v2\/tags?post=1635"}],"curies":[{"name":"wp","href":"https:\/\/api.w.org\/{rel}","templated":true}]}}